{"id":872,"date":"2024-05-30T21:36:32","date_gmt":"2024-05-30T17:06:32","guid":{"rendered":"http:\/\/www.industrialmurillo.edu.bo\/?p=872"},"modified":"2024-05-30T21:37:42","modified_gmt":"2024-05-30T17:07:42","slug":"feria-institucional-de-ciencia-y-tecnologia-2024","status":"publish","type":"post","link":"http:\/\/www.industrialmurillo.edu.bo\/?p=872","title":{"rendered":"FERIA INSTITUCIONAL DE CIENCIA Y TECNOLOGIA 2024"},"content":{"rendered":"\n<p>El Instituto Tecnol\u00f3gico Escuela Industrial Superior \u00abPedro Domingo Murillo\u00bb, Invita a toda la comunidad Murillista y p\u00fablico en general a la Feria Institucional de Ciencia y Tecnolog\u00eda Gesti\u00f3n 2024, con la exposici\u00f3n de los mejores proyectos con innovaci\u00f3n t\u00e9cnica y tecnol\u00f3gica. Participaran las diferentes carreras de la instituci\u00f3n. El evento se realizar\u00e1 en el patio de honor de la instituci\u00f3n los d\u00edas Lunes 3 y Martes 4 de Junio del presente a\u00f1o, desde horas 08:00 a 17:00.<\/p>\n\n\n\n<figure class=\"wp-block-image size-large\"><img loading=\"lazy\" decoding=\"async\" width=\"726\" height=\"1024\" src=\"http:\/\/www.industrialmurillo.edu.bo\/wp-content\/uploads\/2024\/05\/feria-eis-2024-726x1024.jpeg\" alt=\"\" class=\"wp-image-873\" srcset=\"http:\/\/www.industrialmurillo.edu.bo\/wp-content\/uploads\/2024\/05\/feria-eis-2024-726x1024.jpeg 726w, http:\/\/www.industrialmurillo.edu.bo\/wp-content\/uploads\/2024\/05\/feria-eis-2024-213x300.jpeg 213w, http:\/\/www.industrialmurillo.edu.bo\/wp-content\/uploads\/2024\/05\/feria-eis-2024-768x1084.jpeg 768w, http:\/\/www.industrialmurillo.edu.bo\/wp-content\/uploads\/2024\/05\/feria-eis-2024.jpeg 907w\" sizes=\"auto, (max-width: 726px) 100vw, 726px\" \/><\/figure>\n\n\n\n<p>La Paz, Mayo de 2024<\/p>\n","protected":false},"excerpt":{"rendered":"<div class=\"mh-excerpt\"><p>El Instituto Tecnol\u00f3gico Escuela Industrial Superior \u00abPedro Domingo Murillo\u00bb, Invita a toda la comunidad Murillista y p\u00fablico en general a la Feria Institucional de Ciencia <a class=\"mh-excerpt-more\" href=\"http:\/\/www.industrialmurillo.edu.bo\/?p=872\" title=\"FERIA INSTITUCIONAL DE CIENCIA Y TECNOLOGIA 2024\">[Leer mas..]<\/a><\/p>\n<\/div>","protected":false},"author":1,"featured_media":656,"comment_status":"closed","ping_status":"closed","sticky":false,"template":"","format":"standard","meta":{"footnotes":""},"categories":[1],"tags":[],"class_list":["post-872","post","type-post","status-publish","format-standard","has-post-thumbnail","hentry","category-carreras"],"_links":{"self":[{"href":"http:\/\/www.industrialmurillo.edu.bo\/index.php?rest_route=\/wp\/v2\/posts\/872","targetHints":{"allow":["GET"]}}],"collection":[{"href":"http:\/\/www.industrialmurillo.edu.bo\/index.php?rest_route=\/wp\/v2\/posts"}],"about":[{"href":"http:\/\/www.industrialmurillo.edu.bo\/index.php?rest_route=\/wp\/v2\/types\/post"}],"author":[{"embeddable":true,"href":"http:\/\/www.industrialmurillo.edu.bo\/index.php?rest_route=\/wp\/v2\/users\/1"}],"replies":[{"embeddable":true,"href":"http:\/\/www.industrialmurillo.edu.bo\/index.php?rest_route=%2Fwp%2Fv2%2Fcomments&post=872"}],"version-history":[{"count":2,"href":"http:\/\/www.industrialmurillo.edu.bo\/index.php?rest_route=\/wp\/v2\/posts\/872\/revisions"}],"predecessor-version":[{"id":875,"href":"http:\/\/www.industrialmurillo.edu.bo\/index.php?rest_route=\/wp\/v2\/posts\/872\/revisions\/875"}],"wp:featuredmedia":[{"embeddable":true,"href":"http:\/\/www.industrialmurillo.edu.bo\/index.php?rest_route=\/wp\/v2\/media\/656"}],"wp:attachment":[{"href":"http:\/\/www.industrialmurillo.edu.bo\/index.php?rest_route=%2Fwp%2Fv2%2Fmedia&parent=872"}],"wp:term":[{"taxonomy":"category","embeddable":true,"href":"http:\/\/www.industrialmurillo.edu.bo\/index.php?rest_route=%2Fwp%2Fv2%2Fcategories&post=872"},{"taxonomy":"post_tag","embeddable":true,"href":"http:\/\/www.industrialmurillo.edu.bo\/index.php?rest_route=%2Fwp%2Fv2%2Ftags&post=872"}],"curies":[{"name":"wp","href":"https:\/\/api.w.org\/{rel}","templated":true}]}}