{"id":703,"date":"2024-01-12T01:59:11","date_gmt":"2024-01-11T21:29:11","guid":{"rendered":"http:\/\/www.industrialmurillo.edu.bo\/?p=703"},"modified":"2024-01-12T01:59:16","modified_gmt":"2024-01-11T21:29:16","slug":"comunicado-matriculacion-gestion-i-2024","status":"publish","type":"post","link":"http:\/\/www.industrialmurillo.edu.bo\/?p=703","title":{"rendered":"COMUNICADO (Matriculaci\u00f3n Gesti\u00f3n I\/2024)"},"content":{"rendered":"\n<p>El I.T. Escuela Industrial Superior \u00abPedro Domingo Murillo\u00bb Comunica a toda la poblaci\u00f3n estudiantil, que a trav\u00e9s de Direcci\u00f3n Administrativa y Direcci\u00f3n Acad\u00e9mica, que la Matriculaci\u00f3n para la gesti\u00f3n I\/2024, se realizara desde el 16 al 24 de enero de 2024.<\/p>\n\n\n\n<p>El proceso de matriculaci\u00f3n se realizara en Biblioteca Virtual de Hrs. 08:30 a 13:00 seg\u00fan cronograma en BIBLIOTECA VIRTUAL de la instituci\u00f3n.<\/p>\n\n\n\n<figure class=\"wp-block-image size-full\"><img loading=\"lazy\" decoding=\"async\" width=\"729\" height=\"1644\" src=\"http:\/\/www.industrialmurillo.edu.bo\/wp-content\/uploads\/2024\/01\/matriculacionI2024.jpg\" alt=\"\" class=\"wp-image-704\" srcset=\"http:\/\/www.industrialmurillo.edu.bo\/wp-content\/uploads\/2024\/01\/matriculacionI2024.jpg 729w, http:\/\/www.industrialmurillo.edu.bo\/wp-content\/uploads\/2024\/01\/matriculacionI2024-133x300.jpg 133w, http:\/\/www.industrialmurillo.edu.bo\/wp-content\/uploads\/2024\/01\/matriculacionI2024-454x1024.jpg 454w, http:\/\/www.industrialmurillo.edu.bo\/wp-content\/uploads\/2024\/01\/matriculacionI2024-681x1536.jpg 681w\" sizes=\"auto, (max-width: 729px) 100vw, 729px\" \/><\/figure>\n","protected":false},"excerpt":{"rendered":"<div class=\"mh-excerpt\"><p>El I.T. Escuela Industrial Superior \u00abPedro Domingo Murillo\u00bb Comunica a toda la poblaci\u00f3n estudiantil, que a trav\u00e9s de Direcci\u00f3n Administrativa y Direcci\u00f3n Acad\u00e9mica, que la <a class=\"mh-excerpt-more\" href=\"http:\/\/www.industrialmurillo.edu.bo\/?p=703\" title=\"COMUNICADO (Matriculaci\u00f3n Gesti\u00f3n I\/2024)\">[Leer mas..]<\/a><\/p>\n<\/div>","protected":false},"author":1,"featured_media":656,"comment_status":"closed","ping_status":"closed","sticky":false,"template":"","format":"standard","meta":{"footnotes":""},"categories":[1],"tags":[],"class_list":["post-703","post","type-post","status-publish","format-standard","has-post-thumbnail","hentry","category-carreras"],"_links":{"self":[{"href":"http:\/\/www.industrialmurillo.edu.bo\/index.php?rest_route=\/wp\/v2\/posts\/703","targetHints":{"allow":["GET"]}}],"collection":[{"href":"http:\/\/www.industrialmurillo.edu.bo\/index.php?rest_route=\/wp\/v2\/posts"}],"about":[{"href":"http:\/\/www.industrialmurillo.edu.bo\/index.php?rest_route=\/wp\/v2\/types\/post"}],"author":[{"embeddable":true,"href":"http:\/\/www.industrialmurillo.edu.bo\/index.php?rest_route=\/wp\/v2\/users\/1"}],"replies":[{"embeddable":true,"href":"http:\/\/www.industrialmurillo.edu.bo\/index.php?rest_route=%2Fwp%2Fv2%2Fcomments&post=703"}],"version-history":[{"count":1,"href":"http:\/\/www.industrialmurillo.edu.bo\/index.php?rest_route=\/wp\/v2\/posts\/703\/revisions"}],"predecessor-version":[{"id":705,"href":"http:\/\/www.industrialmurillo.edu.bo\/index.php?rest_route=\/wp\/v2\/posts\/703\/revisions\/705"}],"wp:featuredmedia":[{"embeddable":true,"href":"http:\/\/www.industrialmurillo.edu.bo\/index.php?rest_route=\/wp\/v2\/media\/656"}],"wp:attachment":[{"href":"http:\/\/www.industrialmurillo.edu.bo\/index.php?rest_route=%2Fwp%2Fv2%2Fmedia&parent=703"}],"wp:term":[{"taxonomy":"category","embeddable":true,"href":"http:\/\/www.industrialmurillo.edu.bo\/index.php?rest_route=%2Fwp%2Fv2%2Fcategories&post=703"},{"taxonomy":"post_tag","embeddable":true,"href":"http:\/\/www.industrialmurillo.edu.bo\/index.php?rest_route=%2Fwp%2Fv2%2Ftags&post=703"}],"curies":[{"name":"wp","href":"https:\/\/api.w.org\/{rel}","templated":true}]}}