{"id":2401,"date":"2026-09-01T21:35:21","date_gmt":"2026-09-01T17:05:21","guid":{"rendered":"http:\/\/www.industrialmurillo.edu.bo\/?p=2401"},"modified":"2026-09-01T21:35:22","modified_gmt":"2026-09-01T17:05:22","slug":"feria-institucional-de-ciencia-y-tecnologia-2026","status":"publish","type":"post","link":"http:\/\/www.industrialmurillo.edu.bo\/?p=2401","title":{"rendered":"FERIA INSTITUCIONAL DE CIENCIA Y TECNOLOGIA 2026"},"content":{"rendered":"\n<p class=\"wp-block-paragraph\">El Instituto Tecnol\u00f3gico Escuela Industrial Superior \u00abPedro Domingo Murillo\u00bb, Invita a toda la comunidad Murillista y p\u00fablico en general a la Feria Institucional de Ciencia y Tecnolog\u00eda Gesti\u00f3n 2026, con la exposici\u00f3n de los mejores proyectos con innovaci\u00f3n t\u00e9cnica y tecnol\u00f3gica. Participaran las diferentes carreras de la instituci\u00f3n. El evento se realizar\u00e1 en la instituci\u00f3n, el Viernes 18 de Septiembre del presente a\u00f1o, desde horas 09:00.<\/p>\n\n\n\n<figure class=\"wp-block-image size-large\"><img loading=\"lazy\" decoding=\"async\" width=\"723\" height=\"1024\" src=\"http:\/\/www.industrialmurillo.edu.bo\/wp-content\/uploads\/2026\/09\/feria-eis2026-723x1024.jpeg\" alt=\"\" class=\"wp-image-2402\" srcset=\"http:\/\/www.industrialmurillo.edu.bo\/wp-content\/uploads\/2026\/09\/feria-eis2026-723x1024.jpeg 723w, http:\/\/www.industrialmurillo.edu.bo\/wp-content\/uploads\/2026\/09\/feria-eis2026-212x300.jpeg 212w, http:\/\/www.industrialmurillo.edu.bo\/wp-content\/uploads\/2026\/09\/feria-eis2026-768x1087.jpeg 768w, http:\/\/www.industrialmurillo.edu.bo\/wp-content\/uploads\/2026\/09\/feria-eis2026.jpeg 895w\" sizes=\"auto, (max-width: 723px) 100vw, 723px\" \/><\/figure>\n\n\n\n<p class=\"wp-block-paragraph\">La Paz, Septiembre del 2026<\/p>\n","protected":false},"excerpt":{"rendered":"<div class=\"mh-excerpt\"><p>El Instituto Tecnol\u00f3gico Escuela Industrial Superior \u00abPedro Domingo Murillo\u00bb, Invita a toda la comunidad Murillista y p\u00fablico en general a la Feria Institucional de Ciencia <a class=\"mh-excerpt-more\" href=\"http:\/\/www.industrialmurillo.edu.bo\/?p=2401\" title=\"FERIA INSTITUCIONAL DE CIENCIA Y TECNOLOGIA 2026\">[Leer mas..]<\/a><\/p>\n<\/div>","protected":false},"author":1,"featured_media":656,"comment_status":"closed","ping_status":"closed","sticky":false,"template":"","format":"standard","meta":{"footnotes":""},"categories":[1],"tags":[],"class_list":["post-2401","post","type-post","status-publish","format-standard","has-post-thumbnail","hentry","category-carreras"],"_links":{"self":[{"href":"http:\/\/www.industrialmurillo.edu.bo\/index.php?rest_route=\/wp\/v2\/posts\/2401","targetHints":{"allow":["GET"]}}],"collection":[{"href":"http:\/\/www.industrialmurillo.edu.bo\/index.php?rest_route=\/wp\/v2\/posts"}],"about":[{"href":"http:\/\/www.industrialmurillo.edu.bo\/index.php?rest_route=\/wp\/v2\/types\/post"}],"author":[{"embeddable":true,"href":"http:\/\/www.industrialmurillo.edu.bo\/index.php?rest_route=\/wp\/v2\/users\/1"}],"replies":[{"embeddable":true,"href":"http:\/\/www.industrialmurillo.edu.bo\/index.php?rest_route=%2Fwp%2Fv2%2Fcomments&post=2401"}],"version-history":[{"count":1,"href":"http:\/\/www.industrialmurillo.edu.bo\/index.php?rest_route=\/wp\/v2\/posts\/2401\/revisions"}],"predecessor-version":[{"id":2403,"href":"http:\/\/www.industrialmurillo.edu.bo\/index.php?rest_route=\/wp\/v2\/posts\/2401\/revisions\/2403"}],"wp:featuredmedia":[{"embeddable":true,"href":"http:\/\/www.industrialmurillo.edu.bo\/index.php?rest_route=\/wp\/v2\/media\/656"}],"wp:attachment":[{"href":"http:\/\/www.industrialmurillo.edu.bo\/index.php?rest_route=%2Fwp%2Fv2%2Fmedia&parent=2401"}],"wp:term":[{"taxonomy":"category","embeddable":true,"href":"http:\/\/www.industrialmurillo.edu.bo\/index.php?rest_route=%2Fwp%2Fv2%2Fcategories&post=2401"},{"taxonomy":"post_tag","embeddable":true,"href":"http:\/\/www.industrialmurillo.edu.bo\/index.php?rest_route=%2Fwp%2Fv2%2Ftags&post=2401"}],"curies":[{"name":"wp","href":"https:\/\/api.w.org\/{rel}","templated":true}]}}