{"id":2115,"date":"2026-03-06T19:05:23","date_gmt":"2026-03-06T14:35:23","guid":{"rendered":"http:\/\/www.industrialmurillo.edu.bo\/?p=2115"},"modified":"2026-03-06T19:05:24","modified_gmt":"2026-03-06T14:35:24","slug":"convocatoria-a-defensa-de-modalidad-de-graduacion-para-optar-al-titulo-profesional-gestion-i-2026-primer-grupo-permanente","status":"publish","type":"post","link":"http:\/\/www.industrialmurillo.edu.bo\/?p=2115","title":{"rendered":"CONVOCATORIA A DEFENSA DE MODALIDAD DE GRADUACION PARA OPTAR AL TITULO PROFESIONAL GESTION I\/2026 (Primer Grupo-Permanente)"},"content":{"rendered":"\n<p>El I.T. Escuela Industrial Superior \u00abPedro Domingo Murillo\u00bb, en aplicaci\u00f3n del Reglamento de Modalidades de Graduaci\u00f3n para los Institutos T\u00e9cnicos y Tecnol\u00f3gicos de Car\u00e1cter Fiscal, de Convenio y Privado aprobado mediante R.M. N\u00b0 0487\/2023 de fecha 14 de junio de 2023. Convoca a los egresados (as) que cuenten con el Certificado de Egreso y\/o Conclusi\u00f3n de Estudios a Nivel T\u00e9cnico Superior de las distintas carreras, inscribirse a las DIFERENTES MODALIDADES DE GRADUACION, de las distintas Carreras pertenecientes a la Central y Subsedes.<\/p>\n\n\n\n<figure class=\"wp-block-image size-large\"><img loading=\"lazy\" decoding=\"async\" width=\"671\" height=\"1024\" src=\"http:\/\/www.industrialmurillo.edu.bo\/wp-content\/uploads\/2026\/03\/convdefgrad1-26JC-671x1024.jpg\" alt=\"\" class=\"wp-image-2116\" srcset=\"http:\/\/www.industrialmurillo.edu.bo\/wp-content\/uploads\/2026\/03\/convdefgrad1-26JC-671x1024.jpg 671w, http:\/\/www.industrialmurillo.edu.bo\/wp-content\/uploads\/2026\/03\/convdefgrad1-26JC-197x300.jpg 197w, http:\/\/www.industrialmurillo.edu.bo\/wp-content\/uploads\/2026\/03\/convdefgrad1-26JC-768x1172.jpg 768w, http:\/\/www.industrialmurillo.edu.bo\/wp-content\/uploads\/2026\/03\/convdefgrad1-26JC-1007x1536.jpg 1007w, http:\/\/www.industrialmurillo.edu.bo\/wp-content\/uploads\/2026\/03\/convdefgrad1-26JC.jpg 1200w\" sizes=\"auto, (max-width: 671px) 100vw, 671px\" \/><\/figure>\n","protected":false},"excerpt":{"rendered":"<div class=\"mh-excerpt\"><p>El I.T. Escuela Industrial Superior \u00abPedro Domingo Murillo\u00bb, en aplicaci\u00f3n del Reglamento de Modalidades de Graduaci\u00f3n para los Institutos T\u00e9cnicos y Tecnol\u00f3gicos de Car\u00e1cter Fiscal, <a class=\"mh-excerpt-more\" href=\"http:\/\/www.industrialmurillo.edu.bo\/?p=2115\" title=\"CONVOCATORIA A DEFENSA DE MODALIDAD DE GRADUACION PARA OPTAR AL TITULO PROFESIONAL GESTION I\/2026 (Primer Grupo-Permanente)\">[Leer mas..]<\/a><\/p>\n<\/div>","protected":false},"author":1,"featured_media":656,"comment_status":"closed","ping_status":"closed","sticky":false,"template":"","format":"standard","meta":{"footnotes":""},"categories":[1],"tags":[],"class_list":["post-2115","post","type-post","status-publish","format-standard","has-post-thumbnail","hentry","category-carreras"],"_links":{"self":[{"href":"http:\/\/www.industrialmurillo.edu.bo\/index.php?rest_route=\/wp\/v2\/posts\/2115","targetHints":{"allow":["GET"]}}],"collection":[{"href":"http:\/\/www.industrialmurillo.edu.bo\/index.php?rest_route=\/wp\/v2\/posts"}],"about":[{"href":"http:\/\/www.industrialmurillo.edu.bo\/index.php?rest_route=\/wp\/v2\/types\/post"}],"author":[{"embeddable":true,"href":"http:\/\/www.industrialmurillo.edu.bo\/index.php?rest_route=\/wp\/v2\/users\/1"}],"replies":[{"embeddable":true,"href":"http:\/\/www.industrialmurillo.edu.bo\/index.php?rest_route=%2Fwp%2Fv2%2Fcomments&post=2115"}],"version-history":[{"count":1,"href":"http:\/\/www.industrialmurillo.edu.bo\/index.php?rest_route=\/wp\/v2\/posts\/2115\/revisions"}],"predecessor-version":[{"id":2117,"href":"http:\/\/www.industrialmurillo.edu.bo\/index.php?rest_route=\/wp\/v2\/posts\/2115\/revisions\/2117"}],"wp:featuredmedia":[{"embeddable":true,"href":"http:\/\/www.industrialmurillo.edu.bo\/index.php?rest_route=\/wp\/v2\/media\/656"}],"wp:attachment":[{"href":"http:\/\/www.industrialmurillo.edu.bo\/index.php?rest_route=%2Fwp%2Fv2%2Fmedia&parent=2115"}],"wp:term":[{"taxonomy":"category","embeddable":true,"href":"http:\/\/www.industrialmurillo.edu.bo\/index.php?rest_route=%2Fwp%2Fv2%2Fcategories&post=2115"},{"taxonomy":"post_tag","embeddable":true,"href":"http:\/\/www.industrialmurillo.edu.bo\/index.php?rest_route=%2Fwp%2Fv2%2Ftags&post=2115"}],"curies":[{"name":"wp","href":"https:\/\/api.w.org\/{rel}","templated":true}]}}