{"id":2076,"date":"2025-10-27T17:15:09","date_gmt":"2025-10-27T12:45:09","guid":{"rendered":"http:\/\/www.industrialmurillo.edu.bo\/?p=2076"},"modified":"2025-10-27T17:16:22","modified_gmt":"2025-10-27T12:46:22","slug":"convocatoria-a-defensa-de-modalidad-de-graduacion-para-optar-al-titulo-profesional-gestion-ii-2025-2do-grupo-oficial","status":"publish","type":"post","link":"http:\/\/www.industrialmurillo.edu.bo\/?p=2076","title":{"rendered":"CONVOCATORIA A DEFENSA DE MODALIDAD DE GRADUACION PARA OPTAR AL TITULO PROFESIONAL GESTION II\/2025 (2do. Grupo-Oficial)"},"content":{"rendered":"\n<p>El I.T. Escuela Industrial Superior \u00abPedro Domingo Murillo\u00bb, en aplicaci\u00f3n del Reglamento de Modalidades de Graduaci\u00f3n para los Institutos T\u00e9cnicos y Tecnol\u00f3gicos de Car\u00e1cter Fiscal, de Convenio y Privado aprobado mediante R.M. N\u00b0 0487\/2023 de fecha 14 de junio de 2023. Convoca a los egresados (as) que cuenten con el Certificado de Egreso y\/o Conclusi\u00f3n de Estudios a Nivel T\u00e9cnico Superior de las distintas carreras, inscribirse a las DIFERENTES MODALIDADES DE GRADUACION, de las distintas Carreras pertenecientes a la Central y Subsedes.<\/p>\n\n\n\n<figure class=\"wp-block-image size-large\"><img loading=\"lazy\" decoding=\"async\" width=\"670\" height=\"1024\" src=\"http:\/\/www.industrialmurillo.edu.bo\/wp-content\/uploads\/2025\/10\/convdefproyec2-2025-shampoo-670x1024.jpg\" alt=\"\" class=\"wp-image-2077\" srcset=\"http:\/\/www.industrialmurillo.edu.bo\/wp-content\/uploads\/2025\/10\/convdefproyec2-2025-shampoo-670x1024.jpg 670w, http:\/\/www.industrialmurillo.edu.bo\/wp-content\/uploads\/2025\/10\/convdefproyec2-2025-shampoo-196x300.jpg 196w, http:\/\/www.industrialmurillo.edu.bo\/wp-content\/uploads\/2025\/10\/convdefproyec2-2025-shampoo-768x1174.jpg 768w, http:\/\/www.industrialmurillo.edu.bo\/wp-content\/uploads\/2025\/10\/convdefproyec2-2025-shampoo-1005x1536.jpg 1005w, http:\/\/www.industrialmurillo.edu.bo\/wp-content\/uploads\/2025\/10\/convdefproyec2-2025-shampoo.jpg 1080w\" sizes=\"auto, (max-width: 670px) 100vw, 670px\" \/><\/figure>\n\n\n\n<p>La Paz, Octubre 2025<\/p>\n\n\n\n<p><\/p>\n","protected":false},"excerpt":{"rendered":"<div class=\"mh-excerpt\"><p>El I.T. Escuela Industrial Superior \u00abPedro Domingo Murillo\u00bb, en aplicaci\u00f3n del Reglamento de Modalidades de Graduaci\u00f3n para los Institutos T\u00e9cnicos y Tecnol\u00f3gicos de Car\u00e1cter Fiscal, <a class=\"mh-excerpt-more\" href=\"http:\/\/www.industrialmurillo.edu.bo\/?p=2076\" title=\"CONVOCATORIA A DEFENSA DE MODALIDAD DE GRADUACION PARA OPTAR AL TITULO PROFESIONAL GESTION II\/2025 (2do. Grupo-Oficial)\">[Leer mas..]<\/a><\/p>\n<\/div>","protected":false},"author":1,"featured_media":656,"comment_status":"closed","ping_status":"closed","sticky":false,"template":"","format":"standard","meta":{"footnotes":""},"categories":[1],"tags":[],"class_list":["post-2076","post","type-post","status-publish","format-standard","has-post-thumbnail","hentry","category-carreras"],"_links":{"self":[{"href":"http:\/\/www.industrialmurillo.edu.bo\/index.php?rest_route=\/wp\/v2\/posts\/2076","targetHints":{"allow":["GET"]}}],"collection":[{"href":"http:\/\/www.industrialmurillo.edu.bo\/index.php?rest_route=\/wp\/v2\/posts"}],"about":[{"href":"http:\/\/www.industrialmurillo.edu.bo\/index.php?rest_route=\/wp\/v2\/types\/post"}],"author":[{"embeddable":true,"href":"http:\/\/www.industrialmurillo.edu.bo\/index.php?rest_route=\/wp\/v2\/users\/1"}],"replies":[{"embeddable":true,"href":"http:\/\/www.industrialmurillo.edu.bo\/index.php?rest_route=%2Fwp%2Fv2%2Fcomments&post=2076"}],"version-history":[{"count":1,"href":"http:\/\/www.industrialmurillo.edu.bo\/index.php?rest_route=\/wp\/v2\/posts\/2076\/revisions"}],"predecessor-version":[{"id":2078,"href":"http:\/\/www.industrialmurillo.edu.bo\/index.php?rest_route=\/wp\/v2\/posts\/2076\/revisions\/2078"}],"wp:featuredmedia":[{"embeddable":true,"href":"http:\/\/www.industrialmurillo.edu.bo\/index.php?rest_route=\/wp\/v2\/media\/656"}],"wp:attachment":[{"href":"http:\/\/www.industrialmurillo.edu.bo\/index.php?rest_route=%2Fwp%2Fv2%2Fmedia&parent=2076"}],"wp:term":[{"taxonomy":"category","embeddable":true,"href":"http:\/\/www.industrialmurillo.edu.bo\/index.php?rest_route=%2Fwp%2Fv2%2Fcategories&post=2076"},{"taxonomy":"post_tag","embeddable":true,"href":"http:\/\/www.industrialmurillo.edu.bo\/index.php?rest_route=%2Fwp%2Fv2%2Ftags&post=2076"}],"curies":[{"name":"wp","href":"https:\/\/api.w.org\/{rel}","templated":true}]}}