{"id":1707,"date":"2025-01-10T02:49:15","date_gmt":"2025-01-09T22:19:15","guid":{"rendered":"http:\/\/www.industrialmurillo.edu.bo\/?p=1707"},"modified":"2025-01-14T17:25:07","modified_gmt":"2025-01-14T12:55:07","slug":"comunicado-matriculacion-gestion-i-2025","status":"publish","type":"post","link":"http:\/\/www.industrialmurillo.edu.bo\/?p=1707","title":{"rendered":"COMUNICADO (Matriculaci\u00f3n Gesti\u00f3n I\/2025)"},"content":{"rendered":"\n<p>El I.T. Escuela Industrial Superior \u00abPedro Domingo Murillo\u00bb Comunica a toda la poblaci\u00f3n estudiantil, que a trav\u00e9s de Direcci\u00f3n Administrativa y Direcci\u00f3n Acad\u00e9mica, que la Matriculaci\u00f3n para la gesti\u00f3n I\/2025, se realizara desde el 14 al 21 de enero de 2025.<\/p>\n\n\n\n<p>El proceso de matriculaci\u00f3n se realizara en Biblioteca Virtual de Hrs. 08:00 a 14:00 SEG\u00daN CRONOGRAMA en BIBLIOTECA VIRTUAL de la instituci\u00f3n.<\/p>\n\n\n\n<figure class=\"wp-block-image size-large\"><img loading=\"lazy\" decoding=\"async\" width=\"787\" height=\"1024\" src=\"http:\/\/www.industrialmurillo.edu.bo\/wp-content\/uploads\/2025\/01\/Matric1-2025-787x1024.jpg\" alt=\"\" class=\"wp-image-1708\" srcset=\"http:\/\/www.industrialmurillo.edu.bo\/wp-content\/uploads\/2025\/01\/Matric1-2025-787x1024.jpg 787w, http:\/\/www.industrialmurillo.edu.bo\/wp-content\/uploads\/2025\/01\/Matric1-2025-231x300.jpg 231w, http:\/\/www.industrialmurillo.edu.bo\/wp-content\/uploads\/2025\/01\/Matric1-2025-768x999.jpg 768w, http:\/\/www.industrialmurillo.edu.bo\/wp-content\/uploads\/2025\/01\/Matric1-2025-1181x1536.jpg 1181w, http:\/\/www.industrialmurillo.edu.bo\/wp-content\/uploads\/2025\/01\/Matric1-2025.jpg 1199w\" sizes=\"auto, (max-width: 787px) 100vw, 787px\" \/><\/figure>\n\n\n\n<p>La Paz, Enero de 2025<\/p>\n","protected":false},"excerpt":{"rendered":"<div class=\"mh-excerpt\"><p>El I.T. Escuela Industrial Superior \u00abPedro Domingo Murillo\u00bb Comunica a toda la poblaci\u00f3n estudiantil, que a trav\u00e9s de Direcci\u00f3n Administrativa y Direcci\u00f3n Acad\u00e9mica, que la <a class=\"mh-excerpt-more\" href=\"http:\/\/www.industrialmurillo.edu.bo\/?p=1707\" title=\"COMUNICADO (Matriculaci\u00f3n Gesti\u00f3n I\/2025)\">[Leer mas..]<\/a><\/p>\n<\/div>","protected":false},"author":1,"featured_media":656,"comment_status":"closed","ping_status":"closed","sticky":false,"template":"","format":"standard","meta":{"footnotes":""},"categories":[1],"tags":[],"class_list":["post-1707","post","type-post","status-publish","format-standard","has-post-thumbnail","hentry","category-carreras"],"_links":{"self":[{"href":"http:\/\/www.industrialmurillo.edu.bo\/index.php?rest_route=\/wp\/v2\/posts\/1707","targetHints":{"allow":["GET"]}}],"collection":[{"href":"http:\/\/www.industrialmurillo.edu.bo\/index.php?rest_route=\/wp\/v2\/posts"}],"about":[{"href":"http:\/\/www.industrialmurillo.edu.bo\/index.php?rest_route=\/wp\/v2\/types\/post"}],"author":[{"embeddable":true,"href":"http:\/\/www.industrialmurillo.edu.bo\/index.php?rest_route=\/wp\/v2\/users\/1"}],"replies":[{"embeddable":true,"href":"http:\/\/www.industrialmurillo.edu.bo\/index.php?rest_route=%2Fwp%2Fv2%2Fcomments&post=1707"}],"version-history":[{"count":2,"href":"http:\/\/www.industrialmurillo.edu.bo\/index.php?rest_route=\/wp\/v2\/posts\/1707\/revisions"}],"predecessor-version":[{"id":1710,"href":"http:\/\/www.industrialmurillo.edu.bo\/index.php?rest_route=\/wp\/v2\/posts\/1707\/revisions\/1710"}],"wp:featuredmedia":[{"embeddable":true,"href":"http:\/\/www.industrialmurillo.edu.bo\/index.php?rest_route=\/wp\/v2\/media\/656"}],"wp:attachment":[{"href":"http:\/\/www.industrialmurillo.edu.bo\/index.php?rest_route=%2Fwp%2Fv2%2Fmedia&parent=1707"}],"wp:term":[{"taxonomy":"category","embeddable":true,"href":"http:\/\/www.industrialmurillo.edu.bo\/index.php?rest_route=%2Fwp%2Fv2%2Fcategories&post=1707"},{"taxonomy":"post_tag","embeddable":true,"href":"http:\/\/www.industrialmurillo.edu.bo\/index.php?rest_route=%2Fwp%2Fv2%2Ftags&post=1707"}],"curies":[{"name":"wp","href":"https:\/\/api.w.org\/{rel}","templated":true}]}}