{"id":1688,"date":"2024-09-02T18:54:32","date_gmt":"2024-09-02T14:24:32","guid":{"rendered":"http:\/\/www.industrialmurillo.edu.bo\/?p=1688"},"modified":"2024-09-02T18:54:33","modified_gmt":"2024-09-02T14:24:33","slug":"convocatoria-a-defensa-de-modalidad-de-graduacion-para-optar-al-titulo-profesional-gestion-ii-2024-1er-grupo-permanente","status":"publish","type":"post","link":"http:\/\/www.industrialmurillo.edu.bo\/?p=1688","title":{"rendered":"CONVOCATORIA A DEFENSA DE MODALIDAD DE GRADUACION PARA OPTAR AL TITULO PROFESIONAL GESTION II\/2024 (1er. Grupo-Permanente)"},"content":{"rendered":"\n<p>El I.T. Escuela Industrial Superior \u00abPedro Domingo Murillo\u00bb en aplicaci\u00f3n del Reglamento de Modalidades de Graduaci\u00f3n para los Institutos T\u00e9cnicos y Tecnol\u00f3gicos de Car\u00e1cter Fiscal, de Convenio y Privado. Convoca a los egresados (as) que cuenten con el Certificado de Egreso y\/o Conclusi\u00f3n de Estudios a Nivel T\u00e9cnico Superior de las distintas carreras, inscribirse al EXAMEN DE GRADO Y\/O PROYECTO DE GRADO.<\/p>\n\n\n\n<figure class=\"wp-block-image size-large\"><img loading=\"lazy\" decoding=\"async\" width=\"664\" height=\"1024\" src=\"http:\/\/www.industrialmurillo.edu.bo\/wp-content\/uploads\/2024\/09\/ConvDefProy2-2024-001-664x1024.jpg\" alt=\"\" class=\"wp-image-1689\" srcset=\"http:\/\/www.industrialmurillo.edu.bo\/wp-content\/uploads\/2024\/09\/ConvDefProy2-2024-001-664x1024.jpg 664w, http:\/\/www.industrialmurillo.edu.bo\/wp-content\/uploads\/2024\/09\/ConvDefProy2-2024-001-195x300.jpg 195w, http:\/\/www.industrialmurillo.edu.bo\/wp-content\/uploads\/2024\/09\/ConvDefProy2-2024-001-768x1184.jpg 768w, http:\/\/www.industrialmurillo.edu.bo\/wp-content\/uploads\/2024\/09\/ConvDefProy2-2024-001-996x1536.jpg 996w, http:\/\/www.industrialmurillo.edu.bo\/wp-content\/uploads\/2024\/09\/ConvDefProy2-2024-001-1328x2048.jpg 1328w, http:\/\/www.industrialmurillo.edu.bo\/wp-content\/uploads\/2024\/09\/ConvDefProy2-2024-001-scaled.jpg 1660w\" sizes=\"auto, (max-width: 664px) 100vw, 664px\" \/><\/figure>\n","protected":false},"excerpt":{"rendered":"<div class=\"mh-excerpt\"><p>El I.T. Escuela Industrial Superior \u00abPedro Domingo Murillo\u00bb en aplicaci\u00f3n del Reglamento de Modalidades de Graduaci\u00f3n para los Institutos T\u00e9cnicos y Tecnol\u00f3gicos de Car\u00e1cter Fiscal, <a class=\"mh-excerpt-more\" href=\"http:\/\/www.industrialmurillo.edu.bo\/?p=1688\" title=\"CONVOCATORIA A DEFENSA DE MODALIDAD DE GRADUACION PARA OPTAR AL TITULO PROFESIONAL GESTION II\/2024 (1er. Grupo-Permanente)\">[Leer mas..]<\/a><\/p>\n<\/div>","protected":false},"author":1,"featured_media":656,"comment_status":"closed","ping_status":"closed","sticky":false,"template":"","format":"standard","meta":{"footnotes":""},"categories":[1],"tags":[],"class_list":["post-1688","post","type-post","status-publish","format-standard","has-post-thumbnail","hentry","category-carreras"],"_links":{"self":[{"href":"http:\/\/www.industrialmurillo.edu.bo\/index.php?rest_route=\/wp\/v2\/posts\/1688","targetHints":{"allow":["GET"]}}],"collection":[{"href":"http:\/\/www.industrialmurillo.edu.bo\/index.php?rest_route=\/wp\/v2\/posts"}],"about":[{"href":"http:\/\/www.industrialmurillo.edu.bo\/index.php?rest_route=\/wp\/v2\/types\/post"}],"author":[{"embeddable":true,"href":"http:\/\/www.industrialmurillo.edu.bo\/index.php?rest_route=\/wp\/v2\/users\/1"}],"replies":[{"embeddable":true,"href":"http:\/\/www.industrialmurillo.edu.bo\/index.php?rest_route=%2Fwp%2Fv2%2Fcomments&post=1688"}],"version-history":[{"count":1,"href":"http:\/\/www.industrialmurillo.edu.bo\/index.php?rest_route=\/wp\/v2\/posts\/1688\/revisions"}],"predecessor-version":[{"id":1690,"href":"http:\/\/www.industrialmurillo.edu.bo\/index.php?rest_route=\/wp\/v2\/posts\/1688\/revisions\/1690"}],"wp:featuredmedia":[{"embeddable":true,"href":"http:\/\/www.industrialmurillo.edu.bo\/index.php?rest_route=\/wp\/v2\/media\/656"}],"wp:attachment":[{"href":"http:\/\/www.industrialmurillo.edu.bo\/index.php?rest_route=%2Fwp%2Fv2%2Fmedia&parent=1688"}],"wp:term":[{"taxonomy":"category","embeddable":true,"href":"http:\/\/www.industrialmurillo.edu.bo\/index.php?rest_route=%2Fwp%2Fv2%2Fcategories&post=1688"},{"taxonomy":"post_tag","embeddable":true,"href":"http:\/\/www.industrialmurillo.edu.bo\/index.php?rest_route=%2Fwp%2Fv2%2Ftags&post=1688"}],"curies":[{"name":"wp","href":"https:\/\/api.w.org\/{rel}","templated":true}]}}